{"id":1341,"date":"2022-10-10T12:52:01","date_gmt":"2022-10-10T10:52:01","guid":{"rendered":"https:\/\/2022.birrer.swiss\/?p=1341"},"modified":"2022-10-10T13:01:44","modified_gmt":"2022-10-10T11:01:44","slug":"10-10-2022-stellungnahme-naturbasisstufe-meggen","status":"publish","type":"post","link":"https:\/\/birrer.swiss\/?p=1341","title":{"rendered":"10.10.2022 &#8211; Stellungnahme Naturbasisstufe Meggen"},"content":{"rendered":"\n<p>Das Projekt &#171;Naturbassstufe&#187; in der Gemeinde Meggen droht der Vergangenheit anzugeh\u00f6ren. <br>Aus diesem Grund setze ich mich \u00fcber die SVP Meggen und als Privatperson daf\u00fcr ein, dass dieses Projekt in ein dauerhaftes Angebot der Megger Schule \u00fcbergeht. <\/p>\n\n\n\n<div data-wp-interactive=\"core\/file\" class=\"wp-block-file\"><object data-wp-bind--hidden=\"!state.hasPdfPreview\" hidden class=\"wp-block-file__embed\" data=\"https:\/\/2022.birrer.swiss\/wp-content\/uploads\/2022\/10\/20221005-NBS-GR-und-Biko-1-1.pdf\" type=\"application\/pdf\" style=\"width:100%;height:600px\" aria-label=\"Einbettung von Einbettung von 20221005-NBS-GR-und-Biko-1-1..\"><\/object><a id=\"wp-block-file--media-6d2ad146-e84a-4ebf-a4ab-694c0e03fdd8\" href=\"https:\/\/2022.birrer.swiss\/wp-content\/uploads\/2022\/10\/20221005-NBS-GR-und-Biko-1-1.pdf\">20221005-NBS-GR-und-Biko-1-1<\/a><a href=\"https:\/\/2022.birrer.swiss\/wp-content\/uploads\/2022\/10\/20221005-NBS-GR-und-Biko-1-1.pdf\" class=\"wp-block-file__button\" download aria-describedby=\"wp-block-file--media-6d2ad146-e84a-4ebf-a4ab-694c0e03fdd8\">Herunterladen<\/a><\/div>\n\n\n\n<p><\/p>\n","protected":false},"excerpt":{"rendered":"<p>Das Projekt &#171;Naturbassstufe&#187; in der Gemeinde Meggen droht der Vergangenheit anzugeh\u00f6ren. Aus diesem Grund setze ich mich \u00fcber die SVP Meggen und als Privatperson daf\u00fcr ein, dass dieses Projekt in ein dauerhaftes Angebot der Megger Schule \u00fcbergeht.<\/p>\n","protected":false},"author":2,"featured_media":0,"comment_status":"open","ping_status":"open","sticky":false,"template":"","format":"standard","meta":{"footnotes":""},"categories":[6],"tags":[],"class_list":["post-1341","post","type-post","status-publish","format-standard","hentry","category-politik"],"featured_media_urls":[],"_links":{"self":[{"href":"https:\/\/birrer.swiss\/index.php?rest_route=\/wp\/v2\/posts\/1341","targetHints":{"allow":["GET"]}}],"collection":[{"href":"https:\/\/birrer.swiss\/index.php?rest_route=\/wp\/v2\/posts"}],"about":[{"href":"https:\/\/birrer.swiss\/index.php?rest_route=\/wp\/v2\/types\/post"}],"author":[{"embeddable":true,"href":"https:\/\/birrer.swiss\/index.php?rest_route=\/wp\/v2\/users\/2"}],"replies":[{"embeddable":true,"href":"https:\/\/birrer.swiss\/index.php?rest_route=%2Fwp%2Fv2%2Fcomments&post=1341"}],"version-history":[{"count":4,"href":"https:\/\/birrer.swiss\/index.php?rest_route=\/wp\/v2\/posts\/1341\/revisions"}],"predecessor-version":[{"id":1347,"href":"https:\/\/birrer.swiss\/index.php?rest_route=\/wp\/v2\/posts\/1341\/revisions\/1347"}],"wp:attachment":[{"href":"https:\/\/birrer.swiss\/index.php?rest_route=%2Fwp%2Fv2%2Fmedia&parent=1341"}],"wp:term":[{"taxonomy":"category","embeddable":true,"href":"https:\/\/birrer.swiss\/index.php?rest_route=%2Fwp%2Fv2%2Fcategories&post=1341"},{"taxonomy":"post_tag","embeddable":true,"href":"https:\/\/birrer.swiss\/index.php?rest_route=%2Fwp%2Fv2%2Ftags&post=1341"}],"curies":[{"name":"wp","href":"https:\/\/api.w.org\/{rel}","templated":true}]}}