{"id":1833,"date":"2023-07-13T03:32:56","date_gmt":"2023-07-13T01:32:56","guid":{"rendered":"https:\/\/birrer.swiss\/?p=1833"},"modified":"2023-07-13T03:37:58","modified_gmt":"2023-07-13T01:37:58","slug":"12-07-2023-es-ist-sinnlos-in-die-zukunft-der-kinder-zu-investieren","status":"publish","type":"post","link":"https:\/\/birrer.swiss\/?p=1833","title":{"rendered":"12.07.2023 &#8211; Es ist sinnlos in die Zukunft der Kinder zu investieren!"},"content":{"rendered":"\n<figure class=\"wp-block-image size-large\"><img fetchpriority=\"high\" decoding=\"async\" width=\"1024\" height=\"683\" src=\"https:\/\/birrer.swiss\/wp-content\/uploads\/2023\/07\/mnoop-1024x683.jpg\" alt=\"\" class=\"wp-image-1834\" srcset=\"https:\/\/birrer.swiss\/wp-content\/uploads\/2023\/07\/mnoop-1024x683.jpg 1024w, https:\/\/birrer.swiss\/wp-content\/uploads\/2023\/07\/mnoop-300x200.jpg 300w, https:\/\/birrer.swiss\/wp-content\/uploads\/2023\/07\/mnoop-768x512.jpg 768w, https:\/\/birrer.swiss\/wp-content\/uploads\/2023\/07\/mnoop-1536x1024.jpg 1536w, https:\/\/birrer.swiss\/wp-content\/uploads\/2023\/07\/mnoop-2048x1365.jpg 2048w, https:\/\/birrer.swiss\/wp-content\/uploads\/2023\/07\/mnoop-2000x1333.jpg 2000w, https:\/\/birrer.swiss\/wp-content\/uploads\/2023\/07\/mnoop-600x400.jpg 600w\" sizes=\"(max-width: 1024px) 100vw, 1024px\" \/><\/figure>\n\n\n\n<p>Zeitungsbericht ::: Luzerner Zeitung ::: 12.07.2023<br><strong>Naturbasisstufe: S\u00e4mtliche Lehrpersonen kehren Megger Schule den R\u00fccken<\/strong><br><a rel=\"noreferrer noopener\" href=\"https:\/\/www.luzernerzeitung.ch\/zentralschweiz\/kanton-luzern\/bildung-naturbasisstufe-saemtliche-lehrpersonen-kehren-megger-schule-den-ruecken-ld.2485057\" target=\"_blank\">https:\/\/www.luzernerzeitung.ch\/zentralschweiz\/kanton-luzern\/bildung-naturbasisstufe-saemtliche-lehrpersonen-kehren-megger-schule-den-ruecken-ld.2485057<\/a><\/p>\n\n\n\n<hr class=\"wp-block-separator has-alpha-channel-opacity\"\/>\n\n\n\n<p>Unsere (Komunal- und Kantonal-)Politiker &#8211; da schreien sie nach Klimarettung, Umweltschutz und CO2-Abgaben. Es scheint exemplarische f\u00fcr den Symptombek\u00e4mpfungsalltag zu sein, dass man Ursachen nicht zu erkennen vermag oder es am Willen fehlt. Hauptsache ist, man kann in der kurzen Zeit zwischen gew\u00e4hlt sein und n\u00e4chstem Wahlkampf nachhaltige Gesetze erlassen, die f\u00fcr den Mittelstand schr\u00f6pfend einschneidend sind und &#171;man&#187; keinerlei pers\u00f6nliche Verantwortung f\u00fcr die Folgen solcher Erg\u00fcsse tragen muss. Gesetze, welche letzten Endes das &#171;Klima&#187; weder retten noch beeindrucken. <\/p>\n\n\n\n<p>Wo und wann, wenn nicht durch eine Naturbasisstufe, kann man Kindern auf einfachste Weise und im gelebten Alltag den Umgang und das Bewusstsein zur Natur nahebringen. Die Erfahrungen durch eine Naturbasisstufe (NBS) in den pr\u00e4genden Entwicklungsjahren von rund 5-8 Jahren, bleiben ein Leben lang erhalten. <br>Diese Verbundenheit entwickelt ein Selbstverst\u00e4ndnis, zumindest bei einer grossen Mehrheit, im Umgang mit Ressourcen und den nat\u00fcrlichen Gegebenheiten, welches durch Gesetze, die reaktiv wirken m\u00f6gen, nicht aufzuwiegen ist. Ein Selbstverst\u00e4ndnis und Bewusstsein, welche dazu f\u00fchren, dass die Gesetze, wie es deren Natur sein sollte, nicht die grosse Mehrheit beeintr\u00e4chtigen sollten, sondern jene, welche sich nicht an selbstverst\u00e4ndlich anzunehmende Umgangsformen halten. <br><br>&lt;zynismus>Nat\u00fcrlich kann ich nachvollziehen, dass es keinen Sinn macht einen Effort in eine NBS zu investieren, da die letzte Generation bereits im Teenage-Alter ist und somit s\u00e4mtliche Bestrebungen onehin hinf\u00e4llig w\u00e4ren.<br>&lt;\/zynismus><\/p>\n\n\n\n<ul class=\"wp-block-list\">\n<li>Trinkwasser: Wir werden die Klimaerw\u00e4rmung in naher Zukunft noch bel\u00e4chelnd als nat\u00fcrlichen Wandel abtun, wenn wir merken, dass durch den industriellen Ackerbau und die Kommerzialisierung von Trinkwasser, wie bspw. durch Nestle oder CocaCola, uns das Trinkwasser ausgehen wird <br>[<a href=\"https:\/\/birrer.swiss\/?page_id=1811\">CO2? H20! \u2013 Die Schweiz im Krieg<\/a>]. Die Grundwasserspiegel bei unseren Nachbarl\u00e4ndern sind dermassen drastisch gesunken die letzten 20 Jahre, dass wir wohl verdursten bevor wir durch &#171;den Klimawandel&#187; niedergegart werden. <\/li>\n\n\n\n<li>Regenwald wird fl\u00e4chendeckend aus Profitgier internationaler Konzerne abgeholzt. Biosph\u00e4ren und somit nat\u00fcrliche Wasser- und CO2-bindende Strukturen nachhaltig zerst\u00f6rt. <\/li>\n\n\n\n<li>Plastik- und Mikrosplastik: Unsere Lebensmittel sind kaum noch Mikroplastikfrei. Meerestiere krepieren an Plastikbeuteln. <\/li>\n\n\n\n<li>Wasserverschmutzung mit Schwefelderivaten, bspw. im Kongo, durch europ\u00e4ische, amerikanische und chinesische Fabriken, die Kobalt in alten Kupferminen f\u00fcr unsere durch Massenpropaganda beworbenen eAutos abbauen. Da kann man nur hoffen, dass die Kongolesen durch die dadurch entstehenden Krankheiten nicht zu einer noch st\u00e4rkeren Migration f\u00fchren (Sarkasmus Ende).<\/li>\n\n\n\n<li>Pestizide und D\u00fcngemittel die Saatgut in verschiedenen Farben ummanteln f\u00fchren zur Vers\u00e4uchung unserer Lebensmittel und als Folge eine chronisch anhaltenden Vergiftung der Menschen. <\/li>\n\n\n\n<li>Solarpanel- und Windr\u00e4derparks die unz\u00e4hlige Hektare an Agrar- und Waldfl\u00e4chen bedecken und so einschneidend in nat\u00fcrlich entwickelte Mikrobiosph\u00e4ren einwirken. <\/li>\n\n\n\n<li>Plauschfl\u00fcge, Kreuzfahrten und unn\u00fctzes Zeugs aus Fernost das mittels Frachtschiffen in die Welt verschifft wird. Die durch diese verursachten umweltsch\u00e4dlichen Emissionen lassen das CO2 vor Neid erblassen. <\/li>\n\n\n\n<li>&#8230; &#8230; &#8230; Um Otto zitieren zu d\u00fcrfen: &#171;Ich k\u00f6nnte noch tausend Worte sagen, wenn ich nur welche w\u00fcsste&#187;. <br><\/li>\n<\/ul>\n\n\n\n<p>Diese in die Natur- und Umwelt erheblich negativ Einfluss nehmenden Themen sind nicht zuletzt die direkten Folgen der Erziehung und durch die Volksschulen vermittelte Bildung, die auf unbedachten Konsum und eine komplette Entfremdung zur Natur und deren Ressourcen zur\u00fcck zu f\u00fchren ist. <\/p>\n\n\n\n<p>Ich h\u00f6re bereits die Stimmen, welche sich gegen meine Ausf\u00fchrungen \u00e4ussern, dass diese wenigen Kinder nicht die Welt retten werden in dem sie ein Bewusstsein zur Natur entwickeln und dies dann im besten Fall noch leben werden.  &#8211; OK > Dann danke ich f\u00fcr das Anerkennen, dass die kleine Schweiz auch nicht als Vorbild f\u00fcr die Welt vorangehen muss und zusammen mit Deutschland die wohl repressivsten Massnahmen zur &#171;Klimarettung&#187; weiterhin der Bev\u00f6lkrung aufbinden, da es auch nur eine globale Minderheit ist. <\/p>\n\n\n\n<p>Erst recht eine Gemeinde wie Meggen, welche auch einen monet\u00e4ren Effort zur Erschaffung einer kantonalen Vorbildfunktion leisten kann, scheitert wohl wie vieles andere daran, dass der politische Wille am effektiv zu leistenden Arbeitseinsatz ansteht. Wer hat jemals behauptet, dass die NBS zwingend am aktuellen Standort bestehen muss? Wie haben die Verhandlungen mit den kantonalen Beh\u00f6rden resultiert und wie hartn\u00e4ckig, fundiert und mit Nachdruck wurde vorgegangen? Wie kreativ und sich, innerhalb des Rechtsrahmens bewegend, wurden unorthodoxe, jedoch praktikable L\u00f6sungen evaluiert? <\/p>\n\n\n\n<p>Es scheint, als bliebe letzten Endes nur den selben verstaubten und langweiligen Weg einzuschlagen, die politischen Mittel auszusch\u00f6pfen, wie es auch die Politiker aktuell tun (mit dem simplen Verweis auf raumplanerische Probleme), und diese durch eine Volksinitiative gesetzlich in der Gemeindeordnung zur Umsetzung zu motivieren. So nach dem Motto: Trott bleibt Trott &#8211; Doch die Gemeindeordnung gibt den Trott vor. <\/p>\n\n\n\n<p><\/p>\n","protected":false},"excerpt":{"rendered":"<p>Zeitungsbericht ::: Luzerner Zeitung ::: 12.07.2023Naturbasisstufe: S\u00e4mtliche Lehrpersonen kehren Megger Schule den R\u00fcckenhttps:\/\/www.luzernerzeitung.ch\/zentralschweiz\/kanton-luzern\/bildung-naturbasisstufe-saemtliche-lehrpersonen-kehren-megger-schule-den-ruecken-ld.2485057 Unsere (Komunal- und Kantonal-)Politiker &#8211; da schreien sie nach Klimarettung, Umweltschutz und CO2-Abgaben. Es scheint exemplarische f\u00fcr den Symptombek\u00e4mpfungsalltag zu sein, dass man Ursachen nicht zu erkennen vermag oder es am Willen fehlt. Hauptsache ist, man kann in der kurzen Zeit zwischen &hellip; <\/p>\n<p class=\"link-more\"><a href=\"https:\/\/birrer.swiss\/?p=1833\" class=\"more-link\">Read more<span class=\"screen-reader-text\"> &#171;12.07.2023 &#8211; Es ist sinnlos in die Zukunft der Kinder zu investieren!&#187;<\/span><\/a><\/p>\n","protected":false},"author":2,"featured_media":0,"comment_status":"closed","ping_status":"closed","sticky":false,"template":"","format":"standard","meta":{"footnotes":""},"categories":[8,6],"tags":[],"class_list":["post-1833","post","type-post","status-publish","format-standard","hentry","category-medienkommentare","category-politik"],"featured_media_urls":[],"_links":{"self":[{"href":"https:\/\/birrer.swiss\/index.php?rest_route=\/wp\/v2\/posts\/1833","targetHints":{"allow":["GET"]}}],"collection":[{"href":"https:\/\/birrer.swiss\/index.php?rest_route=\/wp\/v2\/posts"}],"about":[{"href":"https:\/\/birrer.swiss\/index.php?rest_route=\/wp\/v2\/types\/post"}],"author":[{"embeddable":true,"href":"https:\/\/birrer.swiss\/index.php?rest_route=\/wp\/v2\/users\/2"}],"replies":[{"embeddable":true,"href":"https:\/\/birrer.swiss\/index.php?rest_route=%2Fwp%2Fv2%2Fcomments&post=1833"}],"version-history":[{"count":3,"href":"https:\/\/birrer.swiss\/index.php?rest_route=\/wp\/v2\/posts\/1833\/revisions"}],"predecessor-version":[{"id":1837,"href":"https:\/\/birrer.swiss\/index.php?rest_route=\/wp\/v2\/posts\/1833\/revisions\/1837"}],"wp:attachment":[{"href":"https:\/\/birrer.swiss\/index.php?rest_route=%2Fwp%2Fv2%2Fmedia&parent=1833"}],"wp:term":[{"taxonomy":"category","embeddable":true,"href":"https:\/\/birrer.swiss\/index.php?rest_route=%2Fwp%2Fv2%2Fcategories&post=1833"},{"taxonomy":"post_tag","embeddable":true,"href":"https:\/\/birrer.swiss\/index.php?rest_route=%2Fwp%2Fv2%2Ftags&post=1833"}],"curies":[{"name":"wp","href":"https:\/\/api.w.org\/{rel}","templated":true}]}}