{"id":1841,"date":"2023-07-12T23:59:00","date_gmt":"2023-07-12T21:59:00","guid":{"rendered":"https:\/\/birrer.swiss\/?p=1841"},"modified":"2023-07-17T23:12:23","modified_gmt":"2023-07-17T21:12:23","slug":"12-07-2023-ja-zum-pumptrack-meggen-ja-zum-rueeggiswil-park","status":"publish","type":"post","link":"https:\/\/birrer.swiss\/?p=1841","title":{"rendered":"12.07.2023 &#8211; JA zum PumpTrack Meggen \/ JA zum R\u00fceggiswil-Park"},"content":{"rendered":"\n<p>Auf Grund kontroverser Diskussionen, sowie dem beachtlichen Mass an Einsprachen im Zusammenhang mit der geplanten PumpTrack Anlage auf der R\u00fceggiswil-Wiese, sowie den durchgesetzten Fl\u00fcchtlings-Containern bei der Magdalenen-Kirche, habe ich als Pr\u00e4sident der SVP Meggen zusammen mit dem Vorstand einen Vorschlag erarbeitet.<\/p>\n\n\n\n<p>Jetzt sind wir gespannt auf die Reaktionen &amp; dem Austausch mit den Betroffenen, auf dass wir die ausgewogenste L\u00f6sung politisch unterst\u00fctzen k\u00f6nnen. <\/p>\n\n\n\n<figure class=\"wp-block-image size-large\"><img fetchpriority=\"high\" decoding=\"async\" width=\"1024\" height=\"722\" src=\"https:\/\/birrer.swiss\/wp-content\/uploads\/2023\/07\/20230712-Rueeggiswil-Park-1024x722.jpg\" alt=\"\" class=\"wp-image-1842\" srcset=\"https:\/\/birrer.swiss\/wp-content\/uploads\/2023\/07\/20230712-Rueeggiswil-Park-1024x722.jpg 1024w, https:\/\/birrer.swiss\/wp-content\/uploads\/2023\/07\/20230712-Rueeggiswil-Park-300x211.jpg 300w, https:\/\/birrer.swiss\/wp-content\/uploads\/2023\/07\/20230712-Rueeggiswil-Park-768x541.jpg 768w, https:\/\/birrer.swiss\/wp-content\/uploads\/2023\/07\/20230712-Rueeggiswil-Park-1536x1083.jpg 1536w, https:\/\/birrer.swiss\/wp-content\/uploads\/2023\/07\/20230712-Rueeggiswil-Park-2048x1444.jpg 2048w, https:\/\/birrer.swiss\/wp-content\/uploads\/2023\/07\/20230712-Rueeggiswil-Park-2000x1410.jpg 2000w, https:\/\/birrer.swiss\/wp-content\/uploads\/2023\/07\/20230712-Rueeggiswil-Park-600x423.jpg 600w\" sizes=\"(max-width: 1024px) 100vw, 1024px\" \/><\/figure>\n","protected":false},"excerpt":{"rendered":"<p>Auf Grund kontroverser Diskussionen, sowie dem beachtlichen Mass an Einsprachen im Zusammenhang mit der geplanten PumpTrack Anlage auf der R\u00fceggiswil-Wiese, sowie den durchgesetzten Fl\u00fcchtlings-Containern bei der Magdalenen-Kirche, habe ich als Pr\u00e4sident der SVP Meggen zusammen mit dem Vorstand einen Vorschlag erarbeitet. Jetzt sind wir gespannt auf die Reaktionen &amp; dem Austausch mit den Betroffenen, auf &hellip; <\/p>\n<p class=\"link-more\"><a href=\"https:\/\/birrer.swiss\/?p=1841\" class=\"more-link\">Read more<span class=\"screen-reader-text\"> &#171;12.07.2023 &#8211; JA zum PumpTrack Meggen \/ JA zum R\u00fceggiswil-Park&#187;<\/span><\/a><\/p>\n","protected":false},"author":2,"featured_media":0,"comment_status":"closed","ping_status":"closed","sticky":false,"template":"","format":"standard","meta":{"footnotes":""},"categories":[6],"tags":[],"class_list":["post-1841","post","type-post","status-publish","format-standard","hentry","category-politik"],"featured_media_urls":[],"_links":{"self":[{"href":"https:\/\/birrer.swiss\/index.php?rest_route=\/wp\/v2\/posts\/1841","targetHints":{"allow":["GET"]}}],"collection":[{"href":"https:\/\/birrer.swiss\/index.php?rest_route=\/wp\/v2\/posts"}],"about":[{"href":"https:\/\/birrer.swiss\/index.php?rest_route=\/wp\/v2\/types\/post"}],"author":[{"embeddable":true,"href":"https:\/\/birrer.swiss\/index.php?rest_route=\/wp\/v2\/users\/2"}],"replies":[{"embeddable":true,"href":"https:\/\/birrer.swiss\/index.php?rest_route=%2Fwp%2Fv2%2Fcomments&post=1841"}],"version-history":[{"count":1,"href":"https:\/\/birrer.swiss\/index.php?rest_route=\/wp\/v2\/posts\/1841\/revisions"}],"predecessor-version":[{"id":1843,"href":"https:\/\/birrer.swiss\/index.php?rest_route=\/wp\/v2\/posts\/1841\/revisions\/1843"}],"wp:attachment":[{"href":"https:\/\/birrer.swiss\/index.php?rest_route=%2Fwp%2Fv2%2Fmedia&parent=1841"}],"wp:term":[{"taxonomy":"category","embeddable":true,"href":"https:\/\/birrer.swiss\/index.php?rest_route=%2Fwp%2Fv2%2Fcategories&post=1841"},{"taxonomy":"post_tag","embeddable":true,"href":"https:\/\/birrer.swiss\/index.php?rest_route=%2Fwp%2Fv2%2Ftags&post=1841"}],"curies":[{"name":"wp","href":"https:\/\/api.w.org\/{rel}","templated":true}]}}