{"id":1845,"date":"2023-07-21T22:49:53","date_gmt":"2023-07-21T20:49:53","guid":{"rendered":"https:\/\/birrer.swiss\/?p=1845"},"modified":"2023-07-22T22:50:11","modified_gmt":"2023-07-22T20:50:11","slug":"21-07-2023-antidemokratischer-mimiismus-statt-resilienz-ein-spiegel-unserer-bildungspolitik","status":"publish","type":"post","link":"https:\/\/birrer.swiss\/?p=1845","title":{"rendered":"21.07.2023 &#8211; Antidemokratischer Mimiismus statt Resilienz &#8211; ein Spiegel unserer Bildungspolitik?"},"content":{"rendered":"\n<p>Die SVP Meggen hat im 2020 wider allgemeiner Meinung eine Gemeindeinitiative zu Stande gebracht. N\u00e4mlich eine, welche alle Beschl\u00fcsse zu Sachgesch\u00e4ften an der Urne zur Volksentscheidung bringen will. Im 2022 folgend dann hat die Megger Stimmbev\u00f6lkerung die Initiative mit knapp \u00fcber 50% angenommen.  <\/p>\n\n\n\n<p>Die Folge dieser Annahme: Die Gemeindeordnung muss angepasst werden. Eine der Folgen ist, dass es keine Gemeindeversammlung im polit-rechtlichen Sinne mehr geben wird. Vielmehr noch eine Orientierungsversammlung ohne Antragsrecht. Also ein Broadcasting des Gemeinderats und der Gemeindeverwaltung an die B\u00fcrgerinnen und B\u00fcrger. <\/p>\n\n\n\n<p>Im Fr\u00fchjahr 2023 dann die grosse \u00dcberraschung: Meggen sagt mit 76% JA zum neuen Vorschlag der Gemeindeordnung. Also auch ein vordergr\u00fcndiges NEIN zur vielgepriesenen Gemeindeversammlung. <\/p>\n\n\n\n<p>Wichtig zu betonen ist, dass es nicht um die Abschaffung der Gemeindeversammlung ging. Sondern dass Entscheide zu Sachgesch\u00e4ften an der Urne gef\u00e4llt werden m\u00fcssen. Auch bleiben dem Gemeinderat mehr als gen\u00fcgend kreative Mittel zur Verf\u00fcgung, die Volksmeinung einzuholen, um strategische Entscheide und Planungen solider abgest\u00fctzt vorzulegen.<\/p>\n\n\n\n<hr class=\"wp-block-separator has-alpha-channel-opacity\"\/>\n\n\n\n<p>Nat\u00fcrlich ist es ein herber R\u00fcckschlag, wenn rund max. 3% der Megger Stimmb\u00fcrger, also rund 120-150 Personen zweimal j\u00e4hrlich auf durch Steuergelder offerierte Fischknusperli und Weisswein verzichten m\u00fcssen. Den Ausf\u00fchrungen der Initiativgegner lauschend, dies alsgleich einer Ern\u00e4hrungskrise gleich kommt. <\/p>\n\n\n\n<p>Doch k\u00f6nnte man keinen Bundesordner, gemeint ist der schmale, mit Gemeindeversammlungen, an welchen das durch den Gemeinderat vorgeschlagene Budget, wenn auch Diskussionen statt gefunden haben, nicht wie offeriert angenommen wurde.<\/p>\n\n\n\n<hr class=\"wp-block-separator has-alpha-channel-opacity\"\/>\n\n\n\n<p>Liest man die von der Gemeinde publizierten Texteerg\u00fcsse oder lauscht den rhetorisch am\u00fcsierend anmutenden Ausf\u00fchrungen des Gemeinderates, so scheint der Verlust der Gemeindeversammlung der Zuckerstange gleich, die dem Kleinkinde auf dem Schulweg entwendet wird. Dies nicht nur nach, sondern bereits im Vorfeld statt gefundender Korrespondenzen. <\/p>\n\n\n\n<p>Anstatt gest\u00e4rkt den demokratisch legitimierten Entscheid als Grundlage kreativer Ideen zu nutzen, schmollt es sich schuldzuweisend in der Ecke wohl doch bequemer. Doch auf was wartend? Dem Mitleidtragenden der das zuckerstangenlose Gesch\u00f6pf tr\u00f6stend in den Arm nimmt oder einfach ein paar Streicheleinheiten empathisch zukommen l\u00e4sst? &#8211; Ich weiss es nicht&#8230; <\/p>\n\n\n\n<hr class=\"wp-block-separator has-alpha-channel-opacity\"\/>\n\n\n\n<p>Einen Schritt zur\u00fccktretend betrachtet dr\u00e4ngen sich dann doch vielerlei Parallelen zur heutigen Pl\u00fcsch-Wolken-Erziehung auf. Es geht nicht darum, wie zu Gotthelfs Zeiten mit Stock und Pr\u00fcgel die Kindheit der Jungen Heranwachsenden zu zerst\u00f6ren, sondern ein gesunden Mass an Konfliktbew\u00e4ltigungs-Begabung zu erlernen. Am Ende des Tages wird es wider und trotz allen Bem\u00fchungen die heutige Jugend emotional schwammweich heran zu z\u00fcchten immer jemanden geben, der von ungeb\u00fchrlichen und brachialen Methoden Gebrauch machen wird. Doch wo, wenn nicht auf dem Schulhof und in der Jugend kann man lernen, mit solchen Gef\u00e4llen der Sozialkompetenzen umzugehen? Und wann, wenn nicht im Jugendalter, wissend dass die Gehirnentwicklung im Bereich der Sozialkompetenzen bis ca. 25 Jahren vollendet ist, kann ein Mindestmass an Resilienz auf- und ausgebaut werden? Also letzten Endes die F\u00e4higkeit aus Krisen ein Learning zu resumieren und dies in das k\u00fcnftige Verhalten einfliessen zu lassen? <\/p>\n\n\n\n<p>Folgende Beispiele sind wohl selbstsprechend. <\/p>\n\n\n\n<p>In einem zarten Anflug von eigen-Mimiismus k\u00f6nnte man auch entgegnen, dass wenn der FDP dominierte Gemeinderat es im 2020 zugelassen h\u00e4tte, einen Vertreter der zweitst\u00e4rksten Partei Meggens zu unterst\u00fctzen im Gemeinderat Einsitz zu erhalten,  diese Initiative nicht in Angriff genommen h\u00e4tte werden m\u00fcssen. Doch w\u00e4re dies nicht nur dumm, sondern gleichsam zeitverschwendend. <\/p>\n\n\n\n<p>Was vor Gewinn der Initative und deren Umsetzung noch als \u00fcberhebliche Arroganz gedeutet h\u00e4tte werden k\u00f6nnen, ist nun auf Grund folgend einsehbaren \u00c4usserungen dann doch eher zartm\u00fcdiger Mimiismus. <\/p>\n\n\n\n<hr class=\"wp-block-separator has-alpha-channel-opacity\"\/>\n\n\n\n<figure class=\"wp-block-image size-full\"><img fetchpriority=\"high\" decoding=\"async\" width=\"776\" height=\"793\" src=\"https:\/\/birrer.swiss\/wp-content\/uploads\/2023\/07\/20221201-Gemindsposcht-GR-gegen-neue-GO-und-Falschaussage.png\" alt=\"\" class=\"wp-image-1849\" srcset=\"https:\/\/birrer.swiss\/wp-content\/uploads\/2023\/07\/20221201-Gemindsposcht-GR-gegen-neue-GO-und-Falschaussage.png 776w, https:\/\/birrer.swiss\/wp-content\/uploads\/2023\/07\/20221201-Gemindsposcht-GR-gegen-neue-GO-und-Falschaussage-294x300.png 294w, https:\/\/birrer.swiss\/wp-content\/uploads\/2023\/07\/20221201-Gemindsposcht-GR-gegen-neue-GO-und-Falschaussage-768x785.png 768w, https:\/\/birrer.swiss\/wp-content\/uploads\/2023\/07\/20221201-Gemindsposcht-GR-gegen-neue-GO-und-Falschaussage-600x613.png 600w\" sizes=\"(max-width: 776px) 100vw, 776px\" \/><\/figure>\n\n\n\n<figure class=\"wp-block-image size-full\"><img decoding=\"async\" width=\"872\" height=\"375\" src=\"https:\/\/birrer.swiss\/wp-content\/uploads\/2023\/07\/20230515-Botschaft-Vorwort-Bruecker.png\" alt=\"\" class=\"wp-image-1850\" srcset=\"https:\/\/birrer.swiss\/wp-content\/uploads\/2023\/07\/20230515-Botschaft-Vorwort-Bruecker.png 872w, https:\/\/birrer.swiss\/wp-content\/uploads\/2023\/07\/20230515-Botschaft-Vorwort-Bruecker-300x129.png 300w, https:\/\/birrer.swiss\/wp-content\/uploads\/2023\/07\/20230515-Botschaft-Vorwort-Bruecker-768x330.png 768w, https:\/\/birrer.swiss\/wp-content\/uploads\/2023\/07\/20230515-Botschaft-Vorwort-Bruecker-600x258.png 600w\" sizes=\"(max-width: 872px) 100vw, 872px\" \/><\/figure>\n\n\n\n<figure class=\"wp-block-image size-large\"><img decoding=\"async\" width=\"796\" height=\"1024\" src=\"https:\/\/birrer.swiss\/wp-content\/uploads\/2023\/07\/20230515-ePaper-Gemeindeammann-796x1024.png\" alt=\"\" class=\"wp-image-1851\" srcset=\"https:\/\/birrer.swiss\/wp-content\/uploads\/2023\/07\/20230515-ePaper-Gemeindeammann-796x1024.png 796w, https:\/\/birrer.swiss\/wp-content\/uploads\/2023\/07\/20230515-ePaper-Gemeindeammann-233x300.png 233w, https:\/\/birrer.swiss\/wp-content\/uploads\/2023\/07\/20230515-ePaper-Gemeindeammann-768x988.png 768w, https:\/\/birrer.swiss\/wp-content\/uploads\/2023\/07\/20230515-ePaper-Gemeindeammann-600x772.png 600w, https:\/\/birrer.swiss\/wp-content\/uploads\/2023\/07\/20230515-ePaper-Gemeindeammann.png 834w\" sizes=\"(max-width: 796px) 100vw, 796px\" \/><\/figure>\n\n\n\n<figure class=\"wp-block-image size-full\"><img loading=\"lazy\" decoding=\"async\" width=\"705\" height=\"751\" src=\"https:\/\/birrer.swiss\/wp-content\/uploads\/2023\/07\/20230515-Website-Gemeindeversammlung-I.png\" alt=\"\" class=\"wp-image-1852\" srcset=\"https:\/\/birrer.swiss\/wp-content\/uploads\/2023\/07\/20230515-Website-Gemeindeversammlung-I.png 705w, https:\/\/birrer.swiss\/wp-content\/uploads\/2023\/07\/20230515-Website-Gemeindeversammlung-I-282x300.png 282w, https:\/\/birrer.swiss\/wp-content\/uploads\/2023\/07\/20230515-Website-Gemeindeversammlung-I-600x639.png 600w\" sizes=\"(max-width: 705px) 100vw, 705px\" \/><\/figure>\n\n\n\n<figure class=\"wp-block-image size-full\"><img loading=\"lazy\" decoding=\"async\" width=\"672\" height=\"459\" src=\"https:\/\/birrer.swiss\/wp-content\/uploads\/2023\/07\/20230515-Website-Gemeindeversammlung-II.png\" alt=\"\" class=\"wp-image-1853\" srcset=\"https:\/\/birrer.swiss\/wp-content\/uploads\/2023\/07\/20230515-Website-Gemeindeversammlung-II.png 672w, https:\/\/birrer.swiss\/wp-content\/uploads\/2023\/07\/20230515-Website-Gemeindeversammlung-II-300x205.png 300w, https:\/\/birrer.swiss\/wp-content\/uploads\/2023\/07\/20230515-Website-Gemeindeversammlung-II-600x410.png 600w\" sizes=\"(max-width: 672px) 100vw, 672px\" \/><\/figure>\n\n\n\n<figure class=\"wp-block-image size-large\"><img loading=\"lazy\" decoding=\"async\" width=\"635\" height=\"1024\" src=\"https:\/\/birrer.swiss\/wp-content\/uploads\/2023\/07\/20230531-ePaper-Falscher-Flyer-FDP-CVP-635x1024.png\" alt=\"\" class=\"wp-image-1854\" srcset=\"https:\/\/birrer.swiss\/wp-content\/uploads\/2023\/07\/20230531-ePaper-Falscher-Flyer-FDP-CVP-635x1024.png 635w, https:\/\/birrer.swiss\/wp-content\/uploads\/2023\/07\/20230531-ePaper-Falscher-Flyer-FDP-CVP-186x300.png 186w, https:\/\/birrer.swiss\/wp-content\/uploads\/2023\/07\/20230531-ePaper-Falscher-Flyer-FDP-CVP-768x1238.png 768w, https:\/\/birrer.swiss\/wp-content\/uploads\/2023\/07\/20230531-ePaper-Falscher-Flyer-FDP-CVP-953x1536.png 953w, https:\/\/birrer.swiss\/wp-content\/uploads\/2023\/07\/20230531-ePaper-Falscher-Flyer-FDP-CVP-600x967.png 600w, https:\/\/birrer.swiss\/wp-content\/uploads\/2023\/07\/20230531-ePaper-Falscher-Flyer-FDP-CVP.png 1056w\" sizes=\"(max-width: 635px) 100vw, 635px\" \/><\/figure>\n\n\n\n<figure class=\"wp-block-image size-full\"><img loading=\"lazy\" decoding=\"async\" width=\"723\" height=\"563\" src=\"https:\/\/birrer.swiss\/wp-content\/uploads\/2023\/07\/20230531-ePaper-GR-befuerwortet.png\" alt=\"\" class=\"wp-image-1855\" srcset=\"https:\/\/birrer.swiss\/wp-content\/uploads\/2023\/07\/20230531-ePaper-GR-befuerwortet.png 723w, https:\/\/birrer.swiss\/wp-content\/uploads\/2023\/07\/20230531-ePaper-GR-befuerwortet-300x234.png 300w, https:\/\/birrer.swiss\/wp-content\/uploads\/2023\/07\/20230531-ePaper-GR-befuerwortet-600x467.png 600w\" sizes=\"(max-width: 723px) 100vw, 723px\" \/><\/figure>\n\n\n\n<figure class=\"wp-block-image size-large\"><img loading=\"lazy\" decoding=\"async\" width=\"778\" height=\"1024\" src=\"https:\/\/birrer.swiss\/wp-content\/uploads\/2023\/07\/20230531-ePaper-Richtigstellung-GO-Annahme-778x1024.png\" alt=\"\" class=\"wp-image-1856\" srcset=\"https:\/\/birrer.swiss\/wp-content\/uploads\/2023\/07\/20230531-ePaper-Richtigstellung-GO-Annahme-778x1024.png 778w, https:\/\/birrer.swiss\/wp-content\/uploads\/2023\/07\/20230531-ePaper-Richtigstellung-GO-Annahme-228x300.png 228w, https:\/\/birrer.swiss\/wp-content\/uploads\/2023\/07\/20230531-ePaper-Richtigstellung-GO-Annahme-768x1011.png 768w, https:\/\/birrer.swiss\/wp-content\/uploads\/2023\/07\/20230531-ePaper-Richtigstellung-GO-Annahme-600x790.png 600w, https:\/\/birrer.swiss\/wp-content\/uploads\/2023\/07\/20230531-ePaper-Richtigstellung-GO-Annahme.png 1075w\" sizes=\"(max-width: 778px) 100vw, 778px\" \/><\/figure>\n\n\n\n<figure class=\"wp-block-image size-large\"><img loading=\"lazy\" decoding=\"async\" width=\"452\" height=\"1024\" src=\"https:\/\/birrer.swiss\/wp-content\/uploads\/2023\/07\/20230618-Website-Meggen-452x1024.png\" alt=\"\" class=\"wp-image-1857\" srcset=\"https:\/\/birrer.swiss\/wp-content\/uploads\/2023\/07\/20230618-Website-Meggen-452x1024.png 452w, https:\/\/birrer.swiss\/wp-content\/uploads\/2023\/07\/20230618-Website-Meggen-132x300.png 132w, https:\/\/birrer.swiss\/wp-content\/uploads\/2023\/07\/20230618-Website-Meggen-600x1359.png 600w, https:\/\/birrer.swiss\/wp-content\/uploads\/2023\/07\/20230618-Website-Meggen.png 670w\" sizes=\"(max-width: 452px) 100vw, 452px\" \/><\/figure>\n\n\n\n<figure class=\"wp-block-image size-full\"><img loading=\"lazy\" decoding=\"async\" width=\"631\" height=\"1004\" src=\"https:\/\/birrer.swiss\/wp-content\/uploads\/2023\/07\/20230701-Website-Meggen.png\" alt=\"\" class=\"wp-image-1858\" srcset=\"https:\/\/birrer.swiss\/wp-content\/uploads\/2023\/07\/20230701-Website-Meggen.png 631w, https:\/\/birrer.swiss\/wp-content\/uploads\/2023\/07\/20230701-Website-Meggen-189x300.png 189w, https:\/\/birrer.swiss\/wp-content\/uploads\/2023\/07\/20230701-Website-Meggen-600x955.png 600w\" sizes=\"(max-width: 631px) 100vw, 631px\" \/><\/figure>\n\n\n\n<figure class=\"wp-block-image size-large\"><img loading=\"lazy\" decoding=\"async\" width=\"1024\" height=\"223\" src=\"https:\/\/birrer.swiss\/wp-content\/uploads\/2023\/07\/20230704-Mailkorrespondenz-Megger-Gemeindevertreter-nach-Extern-1024x223.png\" alt=\"\" class=\"wp-image-1859\" srcset=\"https:\/\/birrer.swiss\/wp-content\/uploads\/2023\/07\/20230704-Mailkorrespondenz-Megger-Gemeindevertreter-nach-Extern-1024x223.png 1024w, https:\/\/birrer.swiss\/wp-content\/uploads\/2023\/07\/20230704-Mailkorrespondenz-Megger-Gemeindevertreter-nach-Extern-300x65.png 300w, https:\/\/birrer.swiss\/wp-content\/uploads\/2023\/07\/20230704-Mailkorrespondenz-Megger-Gemeindevertreter-nach-Extern-768x168.png 768w, https:\/\/birrer.swiss\/wp-content\/uploads\/2023\/07\/20230704-Mailkorrespondenz-Megger-Gemeindevertreter-nach-Extern-1536x335.png 1536w, https:\/\/birrer.swiss\/wp-content\/uploads\/2023\/07\/20230704-Mailkorrespondenz-Megger-Gemeindevertreter-nach-Extern-2048x447.png 2048w, https:\/\/birrer.swiss\/wp-content\/uploads\/2023\/07\/20230704-Mailkorrespondenz-Megger-Gemeindevertreter-nach-Extern-2000x436.png 2000w, https:\/\/birrer.swiss\/wp-content\/uploads\/2023\/07\/20230704-Mailkorrespondenz-Megger-Gemeindevertreter-nach-Extern-600x131.png 600w\" sizes=\"(max-width: 1024px) 100vw, 1024px\" \/><\/figure>\n","protected":false},"excerpt":{"rendered":"<p>Die SVP Meggen hat im 2020 wider allgemeiner Meinung eine Gemeindeinitiative zu Stande gebracht. N\u00e4mlich eine, welche alle Beschl\u00fcsse zu Sachgesch\u00e4ften an der Urne zur Volksentscheidung bringen will. Im 2022 folgend dann hat die Megger Stimmbev\u00f6lkerung die Initiative mit knapp \u00fcber 50% angenommen. Die Folge dieser Annahme: Die Gemeindeordnung muss angepasst werden. Eine der Folgen &hellip; <\/p>\n<p class=\"link-more\"><a href=\"https:\/\/birrer.swiss\/?p=1845\" class=\"more-link\">Read more<span class=\"screen-reader-text\"> &#171;21.07.2023 &#8211; Antidemokratischer Mimiismus statt Resilienz &#8211; ein Spiegel unserer Bildungspolitik?&#187;<\/span><\/a><\/p>\n","protected":false},"author":2,"featured_media":0,"comment_status":"closed","ping_status":"closed","sticky":false,"template":"","format":"standard","meta":{"footnotes":""},"categories":[8,6],"tags":[],"class_list":["post-1845","post","type-post","status-publish","format-standard","hentry","category-medienkommentare","category-politik"],"featured_media_urls":[],"_links":{"self":[{"href":"https:\/\/birrer.swiss\/index.php?rest_route=\/wp\/v2\/posts\/1845","targetHints":{"allow":["GET"]}}],"collection":[{"href":"https:\/\/birrer.swiss\/index.php?rest_route=\/wp\/v2\/posts"}],"about":[{"href":"https:\/\/birrer.swiss\/index.php?rest_route=\/wp\/v2\/types\/post"}],"author":[{"embeddable":true,"href":"https:\/\/birrer.swiss\/index.php?rest_route=\/wp\/v2\/users\/2"}],"replies":[{"embeddable":true,"href":"https:\/\/birrer.swiss\/index.php?rest_route=%2Fwp%2Fv2%2Fcomments&post=1845"}],"version-history":[{"count":4,"href":"https:\/\/birrer.swiss\/index.php?rest_route=\/wp\/v2\/posts\/1845\/revisions"}],"predecessor-version":[{"id":1860,"href":"https:\/\/birrer.swiss\/index.php?rest_route=\/wp\/v2\/posts\/1845\/revisions\/1860"}],"wp:attachment":[{"href":"https:\/\/birrer.swiss\/index.php?rest_route=%2Fwp%2Fv2%2Fmedia&parent=1845"}],"wp:term":[{"taxonomy":"category","embeddable":true,"href":"https:\/\/birrer.swiss\/index.php?rest_route=%2Fwp%2Fv2%2Fcategories&post=1845"},{"taxonomy":"post_tag","embeddable":true,"href":"https:\/\/birrer.swiss\/index.php?rest_route=%2Fwp%2Fv2%2Ftags&post=1845"}],"curies":[{"name":"wp","href":"https:\/\/api.w.org\/{rel}","templated":true}]}}