{"id":1862,"date":"2023-09-05T00:23:08","date_gmt":"2023-09-04T22:23:08","guid":{"rendered":"https:\/\/birrer.swiss\/?p=1862"},"modified":"2023-09-06T19:05:00","modified_gmt":"2023-09-06T17:05:00","slug":"06-09-2023-teile-die-familie-und-herrsche-ueber-die-kinder","status":"publish","type":"post","link":"https:\/\/birrer.swiss\/?p=1862","title":{"rendered":"06.09.2023 &#8211; Teile (die Familie) und herrsche (\u00fcber die Kinder)"},"content":{"rendered":"\n<figure class=\"wp-block-image size-large\"><img fetchpriority=\"high\" decoding=\"async\" width=\"1024\" height=\"683\" src=\"https:\/\/birrer.swiss\/wp-content\/uploads\/2023\/09\/mothers-day-in-family-2022-04-11-14-11-11-utc-1024x683.jpg\" alt=\"\" class=\"wp-image-1863\" srcset=\"https:\/\/birrer.swiss\/wp-content\/uploads\/2023\/09\/mothers-day-in-family-2022-04-11-14-11-11-utc-1024x683.jpg 1024w, https:\/\/birrer.swiss\/wp-content\/uploads\/2023\/09\/mothers-day-in-family-2022-04-11-14-11-11-utc-300x200.jpg 300w, https:\/\/birrer.swiss\/wp-content\/uploads\/2023\/09\/mothers-day-in-family-2022-04-11-14-11-11-utc-768x512.jpg 768w, https:\/\/birrer.swiss\/wp-content\/uploads\/2023\/09\/mothers-day-in-family-2022-04-11-14-11-11-utc-1536x1024.jpg 1536w, https:\/\/birrer.swiss\/wp-content\/uploads\/2023\/09\/mothers-day-in-family-2022-04-11-14-11-11-utc-2048x1365.jpg 2048w, https:\/\/birrer.swiss\/wp-content\/uploads\/2023\/09\/mothers-day-in-family-2022-04-11-14-11-11-utc-2000x1333.jpg 2000w, https:\/\/birrer.swiss\/wp-content\/uploads\/2023\/09\/mothers-day-in-family-2022-04-11-14-11-11-utc-600x400.jpg 600w\" sizes=\"(max-width: 1024px) 100vw, 1024px\" \/><\/figure>\n\n\n\n<p>Folgend meine Gedanken zu einer an mich gerichtete Anfrage, eine kommunale Initiative zu unterst\u00fctzen, welche fordert, dass die Gemeinde w\u00e4hrend den Schulferien, ganzzeitlich eine Tagesstruktur, sprich Betreuung der Kinder, anbietet.<\/p>\n\n\n\n<p>Ich bin gegen das Anliegen! Begr\u00fcndung:<br><br>Es mag nach einer Verschw\u00f6rung klingen, doch sieht man sich die Sachlage genau an, so hat es System. N\u00e4mlich das alte Motto: &#171;Teile und herrsche&#187;. So ist es auch ein ausgesprochenes Ziel Familien zu teilen, den wenn nur jeweils die eine H\u00e4lfte sich den staatlichen Mecanos dogmatisch unterwirft, ist dies wieder ein Stimmb\u00fcrger mehr, der die teilweise immer absurderen Anliegen und Gebahren der Politik und Beh\u00f6rden gutheisst. Leider, und das meine ich wirklich so, ist der im Oktober 1917 in Russland hervorgekommene Kommunismus, als Gegenpol zur Aristokratie, innert hundert Jahren dank Wohlstand, Technik und Kapitalismus zum verwahrlosten C\u00fcpli Sozialismus verkommen. Die hierzulande herrschende Wohlstandsverwahrlosung ist gewollt, um traditionelle Werte wie freiwilligen Arbeit, Familie, Vereinsleben, echte Solidarit\u00e4t, Mitgef\u00fchl (Empathie), eigenst\u00e4ndiges Denken und die urtypisch menschliche Prise Anarchismus in jedem, zu eliminieren. Diess Vakuum wird mit staatlichen Angeboten kompensiert. Uniformiert, standardisiert, kontrolliert. Was bleibt einem da noch? Letzten Endes nur noch die individuelle, egozentrische, selbst\u00e4ndig zu erreichende und ach so hochgepriesene Selbstverwirklichung. Was im Weg dazu steht, sich frei zu entfalten, sind eben genau die oben genannten Werte. Denn ist der Faktor Zeit das neue Gut, welches bis in die kleinste Einheit durchgeplant sein will, um keine Sekunde dieser kostbaren Ressource zu verschwenden. Doch ist klar, dass hier die Zeit des Chronos gemeint ist. Gemessen in Sekunden, Stunden, Tage, Jahre. Was g\u00e4nzlich vernachl\u00e4ssigt ist,\u00a0 ist Kairos. Die Qualit\u00e4t die man in dem erlebten Zeitabschnitt dieser Strecke beimisst. So takten sich immer mehr durchs Leben, im Glauben die wahre Bestimmung zu erreichen und werden die Erf\u00fcllung doch nie erreichen. Dies zu Last der Familie und effektiven Zeit, die man in Beziehungen und sinnerf\u00fclltes Schaffen investieren k\u00f6nnte. Das hat weder mit SVP, katholischen noch christlichen Werten zu tun. Die alten \u00c4gypter machten bereits diese Unterscheidung der Zeitnutzung und nur so konnte bei allen historisch grossen V\u00f6lkern wie \u00c4gypter, R\u00f6mer, Griechen, Byzantinern ihre Macht erreichen, in dem sie die Familie und dessen F\u00f6rderung in den Mittelpunkt stellten.<br>Eine durchg\u00e4ngige Ferienbetreuung der Kinder (Kita\/Tagesstruktur\/&#8230;) seitens Gemeinde, attestiert der Gemeinde Meggen, diesen Abbau echter sozialer Strukturen zu unterst\u00fctzen und f\u00f6rdern und die S\u00e4ulen der Gesellschaft zu erodieren lassen. Sinnvoller, sofern es \u00fcberhaupt eine staatliche Intervention in die Zeitgestaltung von Privatpersonen ben\u00f6tigt, sind meines Erachtens die Schaffung attraktiver Angebote, welche Individualteilnehmer, jedoch und vor allem auch Familien ein abwechslungsreiches Freizeitangebot darbieten. Es kann nicht die Aufgabe des Staates sein, Kinder, welche man proletarisch ausgedr\u00fcckt nur f\u00fcrs gute Image aufstellt, durch Staat erziehen l\u00e4sst, das staatliche Gedankengut durch die Schulsysteme indokriniert und dann zu guter Letzt das Aufziehen dieser auch noch durch die Staatsmacht institutionalisiert. Dann, so sage ich aus voller \u00dcberzeugung, sollte man das Kindermachen zwar beibehalten, doch schauen, dass keine Kinder dabei entstehen.<br><\/p>\n","protected":false},"excerpt":{"rendered":"<p>Folgend meine Gedanken zu einer an mich gerichtete Anfrage, eine kommunale Initiative zu unterst\u00fctzen, welche fordert, dass die Gemeinde w\u00e4hrend den Schulferien, ganzzeitlich eine Tagesstruktur, sprich Betreuung der Kinder, anbietet. Ich bin gegen das Anliegen! Begr\u00fcndung: Es mag nach einer Verschw\u00f6rung klingen, doch sieht man sich die Sachlage genau an, so hat es System. N\u00e4mlich &hellip; <\/p>\n<p class=\"link-more\"><a href=\"https:\/\/birrer.swiss\/?p=1862\" class=\"more-link\">Read more<span class=\"screen-reader-text\"> &#171;06.09.2023 &#8211; Teile (die Familie) und herrsche (\u00fcber die Kinder)&#187;<\/span><\/a><\/p>\n","protected":false},"author":2,"featured_media":0,"comment_status":"closed","ping_status":"closed","sticky":false,"template":"","format":"standard","meta":{"footnotes":""},"categories":[1,6],"tags":[],"class_list":["post-1862","post","type-post","status-publish","format-standard","hentry","category-allgemein","category-politik"],"featured_media_urls":[],"_links":{"self":[{"href":"https:\/\/birrer.swiss\/index.php?rest_route=\/wp\/v2\/posts\/1862","targetHints":{"allow":["GET"]}}],"collection":[{"href":"https:\/\/birrer.swiss\/index.php?rest_route=\/wp\/v2\/posts"}],"about":[{"href":"https:\/\/birrer.swiss\/index.php?rest_route=\/wp\/v2\/types\/post"}],"author":[{"embeddable":true,"href":"https:\/\/birrer.swiss\/index.php?rest_route=\/wp\/v2\/users\/2"}],"replies":[{"embeddable":true,"href":"https:\/\/birrer.swiss\/index.php?rest_route=%2Fwp%2Fv2%2Fcomments&post=1862"}],"version-history":[{"count":2,"href":"https:\/\/birrer.swiss\/index.php?rest_route=\/wp\/v2\/posts\/1862\/revisions"}],"predecessor-version":[{"id":1865,"href":"https:\/\/birrer.swiss\/index.php?rest_route=\/wp\/v2\/posts\/1862\/revisions\/1865"}],"wp:attachment":[{"href":"https:\/\/birrer.swiss\/index.php?rest_route=%2Fwp%2Fv2%2Fmedia&parent=1862"}],"wp:term":[{"taxonomy":"category","embeddable":true,"href":"https:\/\/birrer.swiss\/index.php?rest_route=%2Fwp%2Fv2%2Fcategories&post=1862"},{"taxonomy":"post_tag","embeddable":true,"href":"https:\/\/birrer.swiss\/index.php?rest_route=%2Fwp%2Fv2%2Ftags&post=1862"}],"curies":[{"name":"wp","href":"https:\/\/api.w.org\/{rel}","templated":true}]}}