{"id":1909,"date":"2024-01-20T17:00:00","date_gmt":"2024-01-20T16:00:00","guid":{"rendered":"https:\/\/birrer.swiss\/?p=1909"},"modified":"2024-01-21T01:04:52","modified_gmt":"2024-01-21T00:04:52","slug":"20-01-2024-m-n-r-i","status":"publish","type":"post","link":"https:\/\/birrer.swiss\/?p=1909","title":{"rendered":"20.01.2024 &#8211; Das Leben und Wirken von Minionistus"},"content":{"rendered":"\n<p>Heute fand ein Erstkommunions-Vorbereitungstag in der Pfarrei Meggen statt.<br>Top organisiert von Katechetin Clivia Vogel &#8211; ein wirklich guter Anlass! Vielen Dank!<\/p>\n\n\n\n<p>Pfarrer Karl Abbt schaffte es auf humorvolle und unterhaltsame Weise innert knapp einer Stunde den anschaulichsten und konzentriertesten Einblick in die Liturgie und die Minimalausstattung einer katholischen Kirche zu geben. Einer der Vortr\u00e4ge, die man gerne ein zweites Mal erlebt oder sich eine Fortsetzung w\u00fcnscht! <\/p>\n\n\n\n<p>Die Kinder hatten die Aufgabe, zusammen mit dem begleitenden Elternteil, einen weissen Schirm zu bemalen. Einen Schirm als Symbol der sch\u00fctzenden Hand Gottes die \u00fcber sie wacht. Angelehnt an den Psalm 91<sup>[1]<\/sup>. <br>Mein Sohn und ich kamen nicht daran vorbei, einen Weg zu finden, ein themenbezogenes Sujet zu finden. <br>So haben wir anstatt Regenb\u00f6gen &amp; Schmetterlinge vier Schl\u00fcsselelemente aus Jesus Leben minionisiert und entsprechend dargestellt.<\/p>\n\n\n\n<hr class=\"wp-block-separator has-alpha-channel-opacity\"\/>\n\n\n\n<figure class=\"wp-block-image size-large is-style-default\"><img fetchpriority=\"high\" decoding=\"async\" width=\"768\" height=\"1024\" src=\"https:\/\/birrer.swiss\/wp-content\/uploads\/2024\/01\/photo_2024-01-20_21-00-49-768x1024.jpg\" alt=\"\" class=\"wp-image-1910\" srcset=\"https:\/\/birrer.swiss\/wp-content\/uploads\/2024\/01\/photo_2024-01-20_21-00-49-768x1024.jpg 768w, https:\/\/birrer.swiss\/wp-content\/uploads\/2024\/01\/photo_2024-01-20_21-00-49-225x300.jpg 225w, https:\/\/birrer.swiss\/wp-content\/uploads\/2024\/01\/photo_2024-01-20_21-00-49-600x800.jpg 600w, https:\/\/birrer.swiss\/wp-content\/uploads\/2024\/01\/photo_2024-01-20_21-00-49.jpg 960w\" sizes=\"(max-width: 768px) 100vw, 768px\" \/><\/figure>\n\n\n\n<p>GEBURT ::: Minionistus in der Krippe; zu Besuch die drei heiligen Minions aus dem Abendland: <br>Minionaspar, Minionalthasar und Minelchior.<\/p>\n\n\n\n<figure class=\"wp-block-image size-large\"><img decoding=\"async\" width=\"768\" height=\"1024\" src=\"https:\/\/birrer.swiss\/wp-content\/uploads\/2024\/01\/photo_2024-01-20_21-00-50-768x1024.jpg\" alt=\"\" class=\"wp-image-1911\" srcset=\"https:\/\/birrer.swiss\/wp-content\/uploads\/2024\/01\/photo_2024-01-20_21-00-50-768x1024.jpg 768w, https:\/\/birrer.swiss\/wp-content\/uploads\/2024\/01\/photo_2024-01-20_21-00-50-225x300.jpg 225w, https:\/\/birrer.swiss\/wp-content\/uploads\/2024\/01\/photo_2024-01-20_21-00-50-600x800.jpg 600w, https:\/\/birrer.swiss\/wp-content\/uploads\/2024\/01\/photo_2024-01-20_21-00-50.jpg 960w\" sizes=\"(max-width: 768px) 100vw, 768px\" \/><\/figure>\n\n\n\n<p>BERGPREDIGT ::: Minionistus lehrt die Minions das &#171;Gru unser&#187;.<\/p>\n\n\n\n<figure class=\"wp-block-image size-large\"><img decoding=\"async\" width=\"768\" height=\"1024\" src=\"https:\/\/birrer.swiss\/wp-content\/uploads\/2024\/01\/photo_2024-01-20_21-07-28-768x1024.jpg\" alt=\"\" class=\"wp-image-1912\" srcset=\"https:\/\/birrer.swiss\/wp-content\/uploads\/2024\/01\/photo_2024-01-20_21-07-28-768x1024.jpg 768w, https:\/\/birrer.swiss\/wp-content\/uploads\/2024\/01\/photo_2024-01-20_21-07-28-225x300.jpg 225w, https:\/\/birrer.swiss\/wp-content\/uploads\/2024\/01\/photo_2024-01-20_21-07-28-600x800.jpg 600w, https:\/\/birrer.swiss\/wp-content\/uploads\/2024\/01\/photo_2024-01-20_21-07-28.jpg 960w\" sizes=\"(max-width: 768px) 100vw, 768px\" \/><\/figure>\n\n\n\n<p>TOD ::: Minionistus stirbt am Kreuz.  M.N.R.I -&gt; Minionistus Nazarenus Rex Iudaeorum<\/p>\n\n\n\n<figure class=\"wp-block-image size-large\"><img loading=\"lazy\" decoding=\"async\" width=\"768\" height=\"1024\" src=\"https:\/\/birrer.swiss\/wp-content\/uploads\/2024\/01\/photo_2024-01-20_21-00-49-2-768x1024.jpg\" alt=\"\" class=\"wp-image-1913\" srcset=\"https:\/\/birrer.swiss\/wp-content\/uploads\/2024\/01\/photo_2024-01-20_21-00-49-2-768x1024.jpg 768w, https:\/\/birrer.swiss\/wp-content\/uploads\/2024\/01\/photo_2024-01-20_21-00-49-2-225x300.jpg 225w, https:\/\/birrer.swiss\/wp-content\/uploads\/2024\/01\/photo_2024-01-20_21-00-49-2-600x800.jpg 600w, https:\/\/birrer.swiss\/wp-content\/uploads\/2024\/01\/photo_2024-01-20_21-00-49-2.jpg 960w\" sizes=\"(max-width: 768px) 100vw, 768px\" \/><\/figure>\n\n\n\n<p>AUFERSTEHUNG ::: Minionistus wird nach seiner Auferstehung von seiner Frau Miniaria von Magdala gesichtet. <br><\/p>\n\n\n\n<hr class=\"wp-block-separator has-alpha-channel-opacity\"\/>\n\n\n\n<h2 class=\"wp-block-heading\">Psalm 91<\/h2>\n\n\n\n<p>Lutherbibel (2017):<br><\/p>\n\n\n\n<p>Unter Gottes Schutz<br>1 Wer unter dem Schirm des H\u00f6chsten sitzt und unter dem Schatten des Allm\u00e4chtigen bleibt, 2 der spricht zu dem HERRN: \/ Meine Zuversicht und meine Burg, mein Gott, auf den ich hoffe. 3 Denn er errettet dich vom Strick des J\u00e4gers und von der verderblichen Pest. 4 Er wird dich mit seinen Fittichen decken, \/ und Zuflucht wirst du haben unter seinen Fl\u00fcgeln. Seine Wahrheit ist Schirm und Schild, 5 dass du nicht erschrecken musst vor dem Grauen der Nacht, vor dem Pfeil, der des Tages fliegt, 6 vor der Pest, die im Finstern schleicht, vor der Seuche, die am Mittag Verderben bringt. 7 Wenn auch tausend fallen zu deiner Seite \/ und zehntausend zu deiner Rechten, so wird es doch dich nicht treffen. 8 Ja, du wirst es mit eigenen Augen sehen und schauen, wie den Frevlern vergolten wird. 9 Denn der HERR ist deine Zuversicht, der H\u00f6chste ist deine Zuflucht.[1] 10 Es wird dir kein \u00dcbel begegnen, und keine Plage wird sich deinem Hause nahen. 11 Denn er hat seinen Engeln befohlen, dass sie dich beh\u00fcten auf allen deinen Wegen, 12 dass sie dich auf den H\u00e4nden tragen und du deinen Fu\u00df nicht an einen Stein sto\u00dfest. 13 \u00dcber L\u00f6wen und Ottern wirst du gehen und junge L\u00f6wen und Drachen niedertreten. 14 \u00bbEr liebt mich, darum will ich ihn erretten; er kennt meinen Namen, darum will ich ihn sch\u00fctzen. 15 Er ruft mich an, darum will ich ihn erh\u00f6ren; \/ ich bin bei ihm in der Not, ich will ihn herausrei\u00dfen und zu Ehren bringen. 16 Ich will ihn s\u00e4ttigen mit langem Leben und will ihm zeigen mein Heil.\u00ab<\/p>\n","protected":false},"excerpt":{"rendered":"<p>Heute fand ein Erstkommunions-Vorbereitungstag in der Pfarrei Meggen statt.Top organisiert von Katechetin Clivia Vogel &#8211; ein wirklich guter Anlass! Vielen Dank! Pfarrer Karl Abbt schaffte es auf humorvolle und unterhaltsame Weise innert knapp einer Stunde den anschaulichsten und konzentriertesten Einblick in die Liturgie und die Minimalausstattung einer katholischen Kirche zu geben. Einer der Vortr\u00e4ge, die &hellip; <\/p>\n<p class=\"link-more\"><a href=\"https:\/\/birrer.swiss\/?p=1909\" class=\"more-link\">Read more<span class=\"screen-reader-text\"> &#171;20.01.2024 &#8211; Das Leben und Wirken von Minionistus&#187;<\/span><\/a><\/p>\n","protected":false},"author":2,"featured_media":0,"comment_status":"closed","ping_status":"closed","sticky":false,"template":"","format":"standard","meta":{"footnotes":""},"categories":[1,7],"tags":[],"class_list":["post-1909","post","type-post","status-publish","format-standard","hentry","category-allgemein","category-geschichten"],"featured_media_urls":[],"_links":{"self":[{"href":"https:\/\/birrer.swiss\/index.php?rest_route=\/wp\/v2\/posts\/1909","targetHints":{"allow":["GET"]}}],"collection":[{"href":"https:\/\/birrer.swiss\/index.php?rest_route=\/wp\/v2\/posts"}],"about":[{"href":"https:\/\/birrer.swiss\/index.php?rest_route=\/wp\/v2\/types\/post"}],"author":[{"embeddable":true,"href":"https:\/\/birrer.swiss\/index.php?rest_route=\/wp\/v2\/users\/2"}],"replies":[{"embeddable":true,"href":"https:\/\/birrer.swiss\/index.php?rest_route=%2Fwp%2Fv2%2Fcomments&post=1909"}],"version-history":[{"count":3,"href":"https:\/\/birrer.swiss\/index.php?rest_route=\/wp\/v2\/posts\/1909\/revisions"}],"predecessor-version":[{"id":1917,"href":"https:\/\/birrer.swiss\/index.php?rest_route=\/wp\/v2\/posts\/1909\/revisions\/1917"}],"wp:attachment":[{"href":"https:\/\/birrer.swiss\/index.php?rest_route=%2Fwp%2Fv2%2Fmedia&parent=1909"}],"wp:term":[{"taxonomy":"category","embeddable":true,"href":"https:\/\/birrer.swiss\/index.php?rest_route=%2Fwp%2Fv2%2Fcategories&post=1909"},{"taxonomy":"post_tag","embeddable":true,"href":"https:\/\/birrer.swiss\/index.php?rest_route=%2Fwp%2Fv2%2Ftags&post=1909"}],"curies":[{"name":"wp","href":"https:\/\/api.w.org\/{rel}","templated":true}]}}