{"id":1932,"date":"2024-02-13T13:00:00","date_gmt":"2024-02-13T12:00:00","guid":{"rendered":"https:\/\/birrer.swiss\/?p=1932"},"modified":"2024-02-13T13:27:20","modified_gmt":"2024-02-13T12:27:20","slug":"2024-02-13-demokratie-trotzdem-eine-herrschaft","status":"publish","type":"post","link":"https:\/\/birrer.swiss\/?p=1932","title":{"rendered":"2024.02.13 &#8211; Demokratie, trotzdem eine Herrschaft!"},"content":{"rendered":"\n<p><em>Gedanken zur Demokratie<\/em>, also der Herrschaft des Volkes.<\/p>\n\n\n\n<figure class=\"wp-block-image size-large is-resized\"><img fetchpriority=\"high\" decoding=\"async\" width=\"1024\" height=\"683\" src=\"https:\/\/birrer.swiss\/wp-content\/uploads\/2024\/02\/angry-black-guy-activist-with-megaphone-on-the-str-2023-11-27-05-20-30-utc-1024x683.jpg\" alt=\"\" class=\"wp-image-1934\" style=\"width:840px;height:auto\" srcset=\"https:\/\/birrer.swiss\/wp-content\/uploads\/2024\/02\/angry-black-guy-activist-with-megaphone-on-the-str-2023-11-27-05-20-30-utc-1024x683.jpg 1024w, https:\/\/birrer.swiss\/wp-content\/uploads\/2024\/02\/angry-black-guy-activist-with-megaphone-on-the-str-2023-11-27-05-20-30-utc-300x200.jpg 300w, https:\/\/birrer.swiss\/wp-content\/uploads\/2024\/02\/angry-black-guy-activist-with-megaphone-on-the-str-2023-11-27-05-20-30-utc-768x512.jpg 768w, https:\/\/birrer.swiss\/wp-content\/uploads\/2024\/02\/angry-black-guy-activist-with-megaphone-on-the-str-2023-11-27-05-20-30-utc-1536x1024.jpg 1536w, https:\/\/birrer.swiss\/wp-content\/uploads\/2024\/02\/angry-black-guy-activist-with-megaphone-on-the-str-2023-11-27-05-20-30-utc-2048x1365.jpg 2048w, https:\/\/birrer.swiss\/wp-content\/uploads\/2024\/02\/angry-black-guy-activist-with-megaphone-on-the-str-2023-11-27-05-20-30-utc-2000x1333.jpg 2000w, https:\/\/birrer.swiss\/wp-content\/uploads\/2024\/02\/angry-black-guy-activist-with-megaphone-on-the-str-2023-11-27-05-20-30-utc-600x400.jpg 600w\" sizes=\"(max-width: 1024px) 100vw, 1024px\" \/><\/figure>\n\n\n\n<p><strong>Meinungsfreiheit<\/strong><\/p>\n\n\n\n<p>Gem. Bundesverfassung Art. 16 Meinungs- und Informationsfreiheit Abs. 2 hat jede Person das Recht, ihre Meinung frei zu bilden und sie ungehindert zu \u00e4ussern und zu verbreiten<\/p>\n\n\n\n<blockquote class=\"wp-block-quote is-layout-flow wp-block-quote-is-layout-flow\">\n<p>Meinungsfreiheit oder Katzen zu besitzen haben folgendes gemein:<br>Verinnerliche und verwerte sie, dann beobachte die gesellschaftliche Verachtung. <\/p>\n<cite>Michael A. Birrer<\/cite><\/blockquote>\n\n\n\n<hr class=\"wp-block-separator has-alpha-channel-opacity\"\/>\n\n\n\n<p><strong>Demokratische Moralisierung steht \u00fcber der Vernunft<\/strong><\/p>\n\n\n\n<p>Die Postmoderne ver\u00e4ndert das Volksdenken unserer Wohlstandsgesellschaft durch rhetorische Brillianz, moralisch begr\u00fcndetete Dekonstruktion und akademischer Authorit\u00e4t unter dem Deckmantel von Krisen dahingehend, dass das \u00c4ussern empirischer Tatsachen zur legitimierten Ausgrenzung f\u00fchrt.<\/p>\n\n\n\n<hr class=\"wp-block-separator has-alpha-channel-opacity\"\/>\n\n\n\n<p><strong>Der demokratische Entscheid<\/strong><\/p>\n\n\n\n<p>Ein demokratischer Entscheid besitzt keinen Anspruch auf Vernunft.<br>Die Mehrheit legimiert lediglich eine Meinung.  <\/p>\n\n\n\n<hr class=\"wp-block-separator has-alpha-channel-opacity\"\/>\n\n\n\n<p><strong>Die bequeme Mehrheit suhl sich in der Wohlstandsverwahlosung<\/strong><\/p>\n\n\n\n<p>Die Geschichte zeigt, dass die Mehrheit meist jene veruteilt, die der Mehrheit eine gesellschaftliche Weiterentwicklung erm\u00f6glichten. <\/p>\n","protected":false},"excerpt":{"rendered":"<p>Gedanken zur Demokratie, also der Herrschaft des Volkes. Meinungsfreiheit Gem. Bundesverfassung Art. 16 Meinungs- und Informationsfreiheit Abs. 2 hat jede Person das Recht, ihre Meinung frei zu bilden und sie ungehindert zu \u00e4ussern und zu verbreiten Meinungsfreiheit oder Katzen zu besitzen haben folgendes gemein:Verinnerliche und verwerte sie, dann beobachte die gesellschaftliche Verachtung. Michael A. Birrer &hellip; <\/p>\n<p class=\"link-more\"><a href=\"https:\/\/birrer.swiss\/?p=1932\" class=\"more-link\">Read more<span class=\"screen-reader-text\"> &#171;2024.02.13 &#8211; Demokratie, trotzdem eine Herrschaft!&#187;<\/span><\/a><\/p>\n","protected":false},"author":2,"featured_media":0,"comment_status":"closed","ping_status":"closed","sticky":false,"template":"","format":"standard","meta":{"footnotes":""},"categories":[1,6],"tags":[],"class_list":["post-1932","post","type-post","status-publish","format-standard","hentry","category-allgemein","category-politik"],"featured_media_urls":[],"_links":{"self":[{"href":"https:\/\/birrer.swiss\/index.php?rest_route=\/wp\/v2\/posts\/1932","targetHints":{"allow":["GET"]}}],"collection":[{"href":"https:\/\/birrer.swiss\/index.php?rest_route=\/wp\/v2\/posts"}],"about":[{"href":"https:\/\/birrer.swiss\/index.php?rest_route=\/wp\/v2\/types\/post"}],"author":[{"embeddable":true,"href":"https:\/\/birrer.swiss\/index.php?rest_route=\/wp\/v2\/users\/2"}],"replies":[{"embeddable":true,"href":"https:\/\/birrer.swiss\/index.php?rest_route=%2Fwp%2Fv2%2Fcomments&post=1932"}],"version-history":[{"count":19,"href":"https:\/\/birrer.swiss\/index.php?rest_route=\/wp\/v2\/posts\/1932\/revisions"}],"predecessor-version":[{"id":1952,"href":"https:\/\/birrer.swiss\/index.php?rest_route=\/wp\/v2\/posts\/1932\/revisions\/1952"}],"wp:attachment":[{"href":"https:\/\/birrer.swiss\/index.php?rest_route=%2Fwp%2Fv2%2Fmedia&parent=1932"}],"wp:term":[{"taxonomy":"category","embeddable":true,"href":"https:\/\/birrer.swiss\/index.php?rest_route=%2Fwp%2Fv2%2Fcategories&post=1932"},{"taxonomy":"post_tag","embeddable":true,"href":"https:\/\/birrer.swiss\/index.php?rest_route=%2Fwp%2Fv2%2Ftags&post=1932"}],"curies":[{"name":"wp","href":"https:\/\/api.w.org\/{rel}","templated":true}]}}