{"id":272,"date":"2021-02-02T09:21:00","date_gmt":"2021-02-02T08:21:00","guid":{"rendered":"https:\/\/2022.birrer.swiss\/?p=272"},"modified":"2022-02-17T09:22:10","modified_gmt":"2022-02-17T08:22:10","slug":"24-02-2021-nein-zum-e-id-gesetz","status":"publish","type":"post","link":"https:\/\/birrer.swiss\/?p=272","title":{"rendered":"24.02.2021 &#8211; NEIN zum E-ID-Gesetz"},"content":{"rendered":"\n<figure class=\"wp-block-embed is-type-video is-provider-youtube wp-block-embed-youtube wp-embed-aspect-16-9 wp-has-aspect-ratio\"><div class=\"wp-block-embed__wrapper\">\n<iframe title=\"20210207 NEIN zur EID short\" width=\"950\" height=\"534\" src=\"https:\/\/www.youtube.com\/embed\/E6TBQl87dBc?feature=oembed\" frameborder=\"0\" allow=\"accelerometer; autoplay; clipboard-write; encrypted-media; gyroscope; picture-in-picture\" allowfullscreen><\/iframe>\n<\/div><\/figure>\n\n\n\n<hr class=\"wp-block-separator\"\/>\n\n\n\n<h1 class=\"wp-block-heading\" id=\"e-id-gesetz-nein-am-7-marz-21\">E-ID-Gesetz &#8212; NEIN am 7. M\u00e4rz 21<\/h1>\n\n\n\n<p>Ich pers\u00f6nlich finde die Idee einer E-ID, also einer digitalen Identit\u00e4tskarte,<br>gut. Intelligent eingesetzt und solange unbedingt freiwillig bestimmt<br>eine m\u00f6gliche Kosteneinsparung, Verk\u00fcrzung der Prozesse und Vereinfachung,<br>dies durch einheintliche Formulare \u00fcber alle Kantone und Gemeinden ausf\u00fcllbar<br>am 24&#215;7 Onlineschalter.<\/p>\n\n\n\n<p>JEDOCH:<br>Aus folgenden Gr\u00fcnden bin ich gegen das Annhemen des E-ID-Gesetz<br>(Bundesgesetz \u00fcber elektronische Identifizierungsdienste (E-ID-Gesetz, BGEID) (vor alle Punkt 6 ist interessant \ud83d\ude42<\/p>\n\n\n\n<p>Die folgende Liste ist nicht abschliessend\u2026.<\/p>\n\n\n\n<ol class=\"wp-block-list\"><li>Das Bundesgesetz, das zur Abstimmung kommt, beinhaltet wesentlich mehr, als nur das Regelwerk, f\u00fcr die einfache Umsetzung einer E-ID.<\/li><li>Die E-ID wird es in drei Sicherheitsniveaus geben:<br>niederig (Name, Adresse, Geburtsdatum)<br>substanziell (+ Staatsangeh\u00f6rigkeit, + Geschlecht)<br>hoch (+ Gesichtsbild, + weitere Daten nach Bedarf des FEDPOL)<br>(Zwischeninfo)<\/li><li>Freiwilligkeit nicht vollends gegeben!<br>Art. 12 Ziff 2 besagt, dass nur f\u00fcr Informatikanwendungen, bei welchen die Stufe<br>niedrig ausreicht, diese auch OHNE e-ID zug\u00e4nglich sein m\u00fcssen. Heisst konkret,<br>dass potentiell Dienstleistungen, die nur noch digital angeboten werden in Zukunft,<br>zwingend mit einer E-ID (bspw. Stufe substantiell oder hoch) bezogen werden m\u00fcssen.<\/li><li>FEDPOL (Bundespolizei) wird &#171;salamitaktisch&#187; m\u00e4chtiger.<br>Art. 24 besagt, dass das Fedpol die Versichertennummer systematisch als Identifikationsmerkmal<br>von &#171;Personen&#187; genutzt werden kann. Dies um die 5 bestehenden Personen-Akten-Datenbanken \u00fcber<br>B\u00fcrgerinnen und B\u00fcrger zu verkn\u00fcpfen:<br>ZEMIS, Infostar, Ordipro, ZAS-UPI \u2026.<br>=== Es kann nicht sein, dass wir mit dem Vorwand der Einf\u00fchrung einer E-ID dem Fedpol<br>durch die Hintert\u00fcr weitere Erm\u00e4chtigungen erteilen.<\/li><li>DILEMMA! &#8211; Das GESETZ sieht vor, dass die E-ID durch private Unternehmen ausgegeben werden darf.<br>Profitieren werden grosse Softwareunternehmen, sowie Datencenteranbieter, welche die Anforderungen der<br>E-ID-Kommission erf\u00fcllen \/ er-lobbieren werden. Im Gesetz m\u00fcsste dann veranktert sein, dass kein Unternehmen,<br>zu dem ein Bundespolitiker (NR, SR, BR, Eid. Kommissionsmitglied) Partikularinteressen ausweisen kann,<br>an der Akkreditierung teilhaben darf.<br>Nun gut, der Vorteil: Private Unternehmen haben die technischen F\u00e4higkeiten,<br>jedoch auch das Interesse, den gr\u00f6sstm\u00f6glichen Profit zu Lasten der Steuerzahler<br>zu erhaschen. Die E-ID geh\u00f6rt in die H\u00e4nde der Beh\u00f6rden, um die E-ID nicht zu einem<br>Handelsgut zu machen. Was mit den (Meta-)daten geschieht, und wie diese zum Eingennutz<br>genutzt \/ missbraucht werden, k\u00f6nnen wir nicht pr\u00fcfen.<br>(Auch wenn die EIDKOM dies gegenteilig ausf\u00fchren wird)<\/li><\/ol>\n\n\n\n<p>NUN was die Bundesverwaltung und die meisten Beh\u00f6rden bereits erfolgreich bewiesen haben ist,<br>dass sie eines nicht k\u00f6nnen, n\u00e4mlich IT Projekte erfolgreich und Budgetkonform planen,<br>umsetzen und betreiben. ==== Dieses Dilemma muss noch gel\u00f6st werden!<br>(Evtl. eine Beh\u00f6rde durch private Unterhmer aufgebaut wird und dann in den Betrieb \u00fcbergeben wird?)<\/p>\n\n\n\n<ol class=\"wp-block-list\" start=\"6\"><li>ALLES SCHON DA!<br>Man glaubt es kaum, doch es existiert bereits eine offizielle E-ID!!<br>Das CH-LOGIN ist eine von der Bundesverwaltung ausgestellte ID, mit welcher<br>man heute bereits problemlos Dienste bei Verwaltungen beziehen kann.<br>=== Also technisch und regulatorisch alles da &#8211; wieso braucht es da noch<br>ein E-ID Gesetz, welches prim\u00e4r dem FEDPOL mehr Kompetenz erteilt?<\/li><\/ol>\n","protected":false},"excerpt":{"rendered":"<p>E-ID-Gesetz &#8212; NEIN am 7. M\u00e4rz 21 Ich pers\u00f6nlich finde die Idee einer E-ID, also einer digitalen Identit\u00e4tskarte,gut. Intelligent eingesetzt und solange unbedingt freiwillig bestimmteine m\u00f6gliche Kosteneinsparung, Verk\u00fcrzung der Prozesse und Vereinfachung,dies durch einheintliche Formulare \u00fcber alle Kantone und Gemeinden ausf\u00fcllbaram 24&#215;7 Onlineschalter. JEDOCH:Aus folgenden Gr\u00fcnden bin ich gegen das Annhemen des E-ID-Gesetz(Bundesgesetz \u00fcber elektronische &hellip; <\/p>\n<p class=\"link-more\"><a href=\"https:\/\/birrer.swiss\/?p=272\" class=\"more-link\">Read more<span class=\"screen-reader-text\"> &#171;24.02.2021 &#8211; NEIN zum E-ID-Gesetz&#187;<\/span><\/a><\/p>\n","protected":false},"author":2,"featured_media":0,"comment_status":"open","ping_status":"open","sticky":false,"template":"","format":"standard","meta":{"footnotes":""},"categories":[6],"tags":[],"class_list":["post-272","post","type-post","status-publish","format-standard","hentry","category-politik"],"featured_media_urls":[],"_links":{"self":[{"href":"https:\/\/birrer.swiss\/index.php?rest_route=\/wp\/v2\/posts\/272","targetHints":{"allow":["GET"]}}],"collection":[{"href":"https:\/\/birrer.swiss\/index.php?rest_route=\/wp\/v2\/posts"}],"about":[{"href":"https:\/\/birrer.swiss\/index.php?rest_route=\/wp\/v2\/types\/post"}],"author":[{"embeddable":true,"href":"https:\/\/birrer.swiss\/index.php?rest_route=\/wp\/v2\/users\/2"}],"replies":[{"embeddable":true,"href":"https:\/\/birrer.swiss\/index.php?rest_route=%2Fwp%2Fv2%2Fcomments&post=272"}],"version-history":[{"count":1,"href":"https:\/\/birrer.swiss\/index.php?rest_route=\/wp\/v2\/posts\/272\/revisions"}],"predecessor-version":[{"id":273,"href":"https:\/\/birrer.swiss\/index.php?rest_route=\/wp\/v2\/posts\/272\/revisions\/273"}],"wp:attachment":[{"href":"https:\/\/birrer.swiss\/index.php?rest_route=%2Fwp%2Fv2%2Fmedia&parent=272"}],"wp:term":[{"taxonomy":"category","embeddable":true,"href":"https:\/\/birrer.swiss\/index.php?rest_route=%2Fwp%2Fv2%2Fcategories&post=272"},{"taxonomy":"post_tag","embeddable":true,"href":"https:\/\/birrer.swiss\/index.php?rest_route=%2Fwp%2Fv2%2Ftags&post=272"}],"curies":[{"name":"wp","href":"https:\/\/api.w.org\/{rel}","templated":true}]}}