{"id":321,"date":"2020-06-02T11:06:00","date_gmt":"2020-06-02T09:06:00","guid":{"rendered":"https:\/\/2022.birrer.swiss\/?p=321"},"modified":"2022-02-17T11:07:42","modified_gmt":"2022-02-17T10:07:42","slug":"02-06-2020-ehe-fuer-alle","status":"publish","type":"post","link":"https:\/\/birrer.swiss\/?p=321","title":{"rendered":"02.06.2020 &#8211; Ehe f\u00fcr Alle?"},"content":{"rendered":"\n<p><\/p>\n\n\n\n<p><a href=\"https:\/\/www.luzernerzeitung.ch\/schweiz\/lesbisches-paar-erfuellt-sich-kinderwunsch-in-spanien-ab-mittwoch-verhandelt-das-parlament-ehe-fuer-alle-ld.1225134?fbclid=IwAR0QWoTYfBwAEUDYFkdcZ8kmMczSelZtjzWSJ0pu-faQ0ZxsRJc9ychnGh4\">https:\/\/www.luzernerzeitung.ch\/schweiz\/lesbisches-paar-erfuellt-sich-kinderwunsch-in-spanien-ab-mittwoch-verhandelt-das-parlament-ehe-fuer-alle-ld.1225134?fbclid=IwAR0QWoTYfBwAEUDYFkdcZ8kmMczSelZtjzWSJ0pu-faQ0ZxsRJc9ychnGh4<\/a><\/p>\n\n\n\n<figure class=\"wp-block-image size-large\"><img fetchpriority=\"high\" decoding=\"async\" width=\"1024\" height=\"644\" src=\"https:\/\/2022.birrer.swiss\/wp-content\/uploads\/2022\/02\/pride-flag-3822489_1920-1024x644.jpg\" alt=\"\" class=\"wp-image-322\" srcset=\"https:\/\/birrer.swiss\/wp-content\/uploads\/2022\/02\/pride-flag-3822489_1920-1024x644.jpg 1024w, https:\/\/birrer.swiss\/wp-content\/uploads\/2022\/02\/pride-flag-3822489_1920-300x189.jpg 300w, https:\/\/birrer.swiss\/wp-content\/uploads\/2022\/02\/pride-flag-3822489_1920-768x483.jpg 768w, https:\/\/birrer.swiss\/wp-content\/uploads\/2022\/02\/pride-flag-3822489_1920-1536x966.jpg 1536w, https:\/\/birrer.swiss\/wp-content\/uploads\/2022\/02\/pride-flag-3822489_1920.jpg 1920w\" sizes=\"(max-width: 1024px) 100vw, 1024px\" \/><\/figure>\n\n\n\n<hr class=\"wp-block-separator\"\/>\n\n\n\n<p><strong>Meine Meinung zur Ehe f\u00fcr Alle<\/strong>:<\/p>\n\n\n\n<p>Im Grundsatz gilt mir: solange es niemanden beeintr\u00e4chtigt soll jeder machen k\u00f6nnen wie im beliebt.<\/p>\n\n\n\n<p>Das Grundproblem, das das Thema \u201cEhe f\u00fcr alle\u201d mit sich bringt, ist wohl die Tatsache, dass die Ehe als Begriff,<br>mehrfach eingesetzt ist.<\/p>\n\n\n\n<p>Einerseits die *kirchliche Ehe*, sprich die zermonielle, religi\u00f6s verankerte Verbindung von zwei Menschen,<br>andererseits die \u201czivilstandesrechtliche Ehe\u201d. Diese letztere die Verbindung auf iuristischer Ebene definiert.<\/p>\n\n\n\n<p>Dass die r\u00f6m.-kath. Kirche den Ehe Begriff f\u00fcr sich beansprucht ist historisch verst\u00e4ndlich, und damit auch, dass vor allem<br>konservative Kreise, den Begriff der Ehe den Homosexuellen Paaren nicht freigeben will.<br>Dass die Kirchen Ehen von nicht \u201cMann-Frau\u201d Beziehungen nicht gutheisst oder akzeptieren m\u00f6chte, muss man<br>ihr lassen. Auch wenn sie dadurch, ihr in der westlichen Welt eher verstaubtes Image nicht zwingend aufpoliert.<\/p>\n\n\n\n<p>Mit der geschichtlichen Entwicklung und der, teilweise nur vermeintlichen, Trennung zwischen Kirche und Staat,<br>[https:\/\/de.wikipedia.org\/wiki\/Trennung_zwischen_Staat_und_religi%C3%B6sen_Institutionen#Schweiz]<br>ist die Voraussetzung f\u00fcr eine Ehe im ZGB Art.94-96 geregelt: Doch wird man dort bspw. nicht f\u00fcndig, dass<br>nur Mann mit Frau heiraten d\u00fcrften. Jedoch darf bspw. eine kirchliche Trauung nicht vor der zivilen statt finden [Art.97].<br>Dann wiederum wird im Art.102 Abs.2 von Braut und Br\u00e4utigam geschrieben.<\/p>\n\n\n\n<p>Mir pers\u00f6nlich sollte die \u201czivilrechtliche Ehe\u201d auch den homosexuellen Paaren frei stehen!<br>Die Landeskirchen sind, wenn auch etwas spezielle, Vereine, bei denen man der Mitgliedschaft frei ist.<\/p>\n\n\n\n<p>Vielleicht m\u00fcsste entweder der Staat oder dann eben die Kirche dem einen oder anderen den Begriff<br>zur eindeutigen Verwendung freigeben?!<\/p>\n\n\n\n<p><strong>Adoption von Kindern in gleichgeschlechtlichen Ehen:<\/strong><\/p>\n\n\n\n<p>In diesem Thema bin ich zwar vom natuerll aus eher skeptisch, doch denke ich, sollte man den Mut als<br>freidenkende und aufgekl\u00e4rte Gesellschaft aufbringen, den Schritt zu wagen. Wir sind gepr\u00e4gt, ja gar<br>indoktriniert vom klassischen, traditionellen Familienbild \u201cMann-Frau-Kind(er)\u201d. Und diese Pr\u00e4gung<br>sitzt tief. Dabei vergessen wir zu oft, dass in unserem Grundzug ein Grossziehen von Kindern oft von<br>ganzer Sippe oder anderen Gesellschaftsformen statt findet\/fand. Auch die Tatsache von<br>elterlicher Gewalt (physisch und psychisch), Kindsvernachl\u00e4ssigung, Misserziehung, und der<br>doch erheblichen Scheidungsrate muss man in die Waagschale bei der Beurteilung werfen!<br>Was ist mir lieber f\u00fcr das Kindeswohl? -&gt; Zwei gleichgeschlechtliche, sich top f\u00fcrsorglich einsetzende<br>Eltern versus dem oben erw\u00e4hnten? \u2026&nbsp; Wobei ein solcher Vergleich unsinnig, gef\u00e4hrlich und<br>spannungsf\u00f6rdernd ist. Am Ende des Tages sind es jeweils zwei \u201cMenschen\u201d die sich gefunden haben,<br>und ob mehr oder weniger erfolgreich das Ziel haben, eine Familie zu leben!<\/p>\n\n\n\n<p>Wie geschrieben denke ich, sollte man es, um der breiten Akzeptanz willen, sachte angehen und<br>die Entwicklung solcher Kinder genau beobachten, jedoch ohne diese benachteiligt oder anders zu behandeln.<br>Also keine laufende \u00dcberwachung dieser Kinder und Partnerschaften, sondern es organisch gedeihen<br>lassen. Sieht man in naher Zukunft, dass diese, in den heute sowieso psychologisch \u00fcberbetreuten Schulen, besonders<br>auff\u00e4llig sind, kann man immernoch reagieren! Aber mein Bauchgef\u00fchl sagt mir jetzt schon, dass diese Kinder nicht<br>mehr oder minder anders sein werden als die aus klassischen Beziehungen stammenden. Vielleicht sind diese<br>Kinder ja sogar etwas toleranter und freidenkerischer und k\u00f6nnen freigel\u00f6st von verstaubten Dogmen<br>die Gesellschaft weiter bringen<\/p>\n","protected":false},"excerpt":{"rendered":"<p>https:\/\/www.luzernerzeitung.ch\/schweiz\/lesbisches-paar-erfuellt-sich-kinderwunsch-in-spanien-ab-mittwoch-verhandelt-das-parlament-ehe-fuer-alle-ld.1225134?fbclid=IwAR0QWoTYfBwAEUDYFkdcZ8kmMczSelZtjzWSJ0pu-faQ0ZxsRJc9ychnGh4 Meine Meinung zur Ehe f\u00fcr Alle: Im Grundsatz gilt mir: solange es niemanden beeintr\u00e4chtigt soll jeder machen k\u00f6nnen wie im beliebt. Das Grundproblem, das das Thema \u201cEhe f\u00fcr alle\u201d mit sich bringt, ist wohl die Tatsache, dass die Ehe als Begriff,mehrfach eingesetzt ist. Einerseits die *kirchliche Ehe*, sprich die zermonielle, religi\u00f6s verankerte Verbindung von &hellip; <\/p>\n<p class=\"link-more\"><a href=\"https:\/\/birrer.swiss\/?p=321\" class=\"more-link\">Read more<span class=\"screen-reader-text\"> &#171;02.06.2020 &#8211; Ehe f\u00fcr Alle?&#187;<\/span><\/a><\/p>\n","protected":false},"author":2,"featured_media":0,"comment_status":"open","ping_status":"open","sticky":false,"template":"","format":"standard","meta":{"footnotes":""},"categories":[8],"tags":[],"class_list":["post-321","post","type-post","status-publish","format-standard","hentry","category-medienkommentare"],"featured_media_urls":[],"_links":{"self":[{"href":"https:\/\/birrer.swiss\/index.php?rest_route=\/wp\/v2\/posts\/321","targetHints":{"allow":["GET"]}}],"collection":[{"href":"https:\/\/birrer.swiss\/index.php?rest_route=\/wp\/v2\/posts"}],"about":[{"href":"https:\/\/birrer.swiss\/index.php?rest_route=\/wp\/v2\/types\/post"}],"author":[{"embeddable":true,"href":"https:\/\/birrer.swiss\/index.php?rest_route=\/wp\/v2\/users\/2"}],"replies":[{"embeddable":true,"href":"https:\/\/birrer.swiss\/index.php?rest_route=%2Fwp%2Fv2%2Fcomments&post=321"}],"version-history":[{"count":1,"href":"https:\/\/birrer.swiss\/index.php?rest_route=\/wp\/v2\/posts\/321\/revisions"}],"predecessor-version":[{"id":323,"href":"https:\/\/birrer.swiss\/index.php?rest_route=\/wp\/v2\/posts\/321\/revisions\/323"}],"wp:attachment":[{"href":"https:\/\/birrer.swiss\/index.php?rest_route=%2Fwp%2Fv2%2Fmedia&parent=321"}],"wp:term":[{"taxonomy":"category","embeddable":true,"href":"https:\/\/birrer.swiss\/index.php?rest_route=%2Fwp%2Fv2%2Fcategories&post=321"},{"taxonomy":"post_tag","embeddable":true,"href":"https:\/\/birrer.swiss\/index.php?rest_route=%2Fwp%2Fv2%2Ftags&post=321"}],"curies":[{"name":"wp","href":"https:\/\/api.w.org\/{rel}","templated":true}]}}